{"id":3236,"date":"2025-02-02T07:22:23","date_gmt":"2025-02-02T04:22:23","guid":{"rendered":"https:\/\/designingmedia.com\/medunit\/?p=3236"},"modified":"2025-05-28T17:56:07","modified_gmt":"2025-05-28T14:56:07","slug":"psikiyatrik-bozukluklar-ve-biyolojik-yas","status":"publish","type":"post","link":"https:\/\/necipyurddas.com\/tr\/psikiyatrik-bozukluklar-ve-biyolojik-yas\/","title":{"rendered":"Psikiyatrik Bozukluklar ve Biyolojik Ya\u015f"},"content":{"rendered":"<p>Yeni ara\u015ft\u0131rmalar, ya\u015famlar\u0131 boyunca depresyon, bipolar bozukluk veya anksiyete bozukluklar\u0131 gibi zihinsel bozukluklar ge\u00e7mi\u015fi olan ki\u015filerin, ger\u00e7ek ya\u015flar\u0131ndan daha ya\u015fl\u0131 olduklar\u0131n\u0131 d\u00fc\u015f\u00fcnd\u00fcren kan belirte\u00e7lerine sahip oldu\u011funu g\u00f6stermektedir.<\/p>\n<p>King\u2019s College London\u2019dan Dr. Julian Mutz ve Prof Cathryn Lewis, Birle\u015fik Krall\u0131k Biobank\u2019taki 110.780 kat\u0131l\u0131mc\u0131dan al\u0131nan 168 farkl\u0131 kan metaboliti hakk\u0131ndaki verileri inceledi. Bu verileri, bireylerin ak\u0131l hastal\u0131\u011f\u0131 \u00f6yk\u00fcs\u00fc olup olmad\u0131\u011f\u0131na ili\u015fkin bilgilerle ili\u015fkilendirdiler ve psikiyatrik rahats\u0131zl\u0131\u011f\u0131 olanlar\u0131n, daha ileriki ya\u015flarda ortaya \u00e7\u0131kmas\u0131 beklenen bir metabolit profiline sahip olduklar\u0131n\u0131 buldular.<\/p>\n<p><strong>\u00c7al\u0131\u015fmay\u0131 Paris\u2019teki Avrupa Psikiyatri Kongresi\u2019nde sunan ba\u015f ara\u015ft\u0131rmac\u0131 Dr. Julian Mutz \u015funlar\u0131 s\u00f6yledi:<\/strong><\/p>\n<p>\u201cArt\u0131k insanlar\u0131n ya\u015f\u0131n\u0131 kan metabolitlerinden tahmin etmek m\u00fcmk\u00fcn. Ortalama olarak, \u00f6m\u00fcr boyu ak\u0131l hastal\u0131\u011f\u0131 \u00f6yk\u00fcs\u00fc olanlar\u0131n, ger\u00e7ek ya\u015flar\u0131ndan daha ya\u015fl\u0131 olduklar\u0131n\u0131 ima eden bir metabolit profiline sahip olduklar\u0131n\u0131 bulduk. \u00d6rne\u011fin, bipolar bozuklu\u011fu olan ki\u015filerde, kronolojik ya\u015flar\u0131ndan yakla\u015f\u0131k 2 ya\u015f b\u00fcy\u00fck olduklar\u0131n\u0131 g\u00f6steren kan i\u015faretleri vard\u0131.\u201d<\/p>\n<p><strong>Sa\u011fl\u0131k ve ya\u015fam beklentisi<\/strong><\/p>\n<p>Psikiyatrik rahats\u0131zl\u0131\u011f\u0131 olan ki\u015filer, genel n\u00fcfusa g\u00f6re daha k\u0131sa ya\u015fam ve daha d\u00fc\u015f\u00fck sa\u011fl\u0131k kalitesine sahip olma e\u011filimindedir. Etki tahminleri ruh sa\u011fl\u0131\u011f\u0131 durumuna g\u00f6re de\u011fi\u015fir. Psikiyatrik rahats\u0131zl\u0131\u011f\u0131 olan ki\u015filer, genellikle kalp hastal\u0131\u011f\u0131 ve diyabet gibi durumlara yakalanma e\u011filimi artar ve bu durumlar ya\u015fla birlikte daha da k\u00f6t\u00fcle\u015fir.<\/p>\n<p>2019\u2019da yap\u0131lan bir ara\u015ft\u0131rma, psikiyatrik rahats\u0131zl\u0131\u011f\u0131 olan ki\u015filerin ortalama ya\u015fam s\u00fcresinin (genel n\u00fcfusa k\u0131yasla) erkekler i\u00e7in yakla\u015f\u0131k 10 y\u0131l ve kad\u0131nlar i\u00e7in yedi y\u0131l daha k\u0131sa oldu\u011funu buldu.<\/p>\n<p><strong>Doktor Mutz \u015f\u00f6yle devam etti:<\/strong><\/p>\n<p>\u201cBulgular\u0131m\u0131z, psikiyatrik rahats\u0131zl\u0131\u011f\u0131 olan ki\u015filerin bedenlerinin, kendi ya\u015flar\u0131ndaki bir birey i\u00e7in beklenenden daha ya\u015fl\u0131 olma e\u011filiminde oldu\u011funu g\u00f6steriyor. Bu, psikiyatrik sorunlar\u0131 olanlar ile genel n\u00fcfus aras\u0131ndaki sa\u011fl\u0131k ve ya\u015fam beklentisi aras\u0131ndaki t\u00fcm fark\u0131 a\u00e7\u0131klamayabilir, ancak h\u0131zland\u0131r\u0131lm\u0131\u015f biyolojik ya\u015flanman\u0131n \u00f6nemli bir fakt\u00f6r olabilece\u011fi anlam\u0131na gelir.\u201d<\/p>\n<p>\u00c7al\u0131\u015fma y\u00fcr\u00fct\u00fcc\u00fclerinden Dr. Sara Poletti sonu\u00e7lar hakk\u0131nda yorum yaparken \u015funlar\u0131 s\u00f6yledi:<\/p>\n<p>\u201cBu, ak\u0131l hastal\u0131\u011f\u0131 olan hastalarda metabolik ve ya\u015fa ba\u011fl\u0131 hastal\u0131klar\u0131n daha y\u00fcksek prevalans\u0131na olas\u0131 bir a\u00e7\u0131klama sa\u011flad\u0131\u011f\u0131 i\u00e7in \u00f6nemli bir \u00e7al\u0131\u015fmad\u0131r. H\u0131zland\u0131r\u0131lm\u0131\u015f biyolojik ya\u015flanman\u0131n alt\u0131nda yatan mekanizmalar\u0131 anlamak, bu bozukluklar\u0131n b\u00fct\u00fcnle\u015fik y\u00f6netiminin artan zorluklar\u0131n\u0131 ele almak i\u00e7in \u00f6nleme ve \u00f6zel tedavilerin geli\u015ftirilmesi i\u00e7in \u00e7ok \u00f6nemli olabilir\u201d.<\/p>\n<p><strong>KAYNAK\u00c7A:<\/strong><\/p>\n<p>\u2013 NeuroscienceNews. (27.03.2023). Bodies of People With Mental Illness Are Biologically Older Than Their Actual Age.<\/p>\n","protected":false},"excerpt":{"rendered":"<p>Yeni ara\u015ft\u0131rmalar, ya\u015famlar\u0131 boyunca depresyon, bipolar bozukluk veya anksiyete bozukluklar\u0131 gibi zihinsel bozukluklar ge\u00e7mi\u015fi olan ki\u015filerin, ger\u00e7ek ya\u015flar\u0131ndan daha ya\u015fl\u0131 olduklar\u0131n\u0131 d\u00fc\u015f\u00fcnd\u00fcren kan belirte\u00e7lerine sahip oldu\u011funu g\u00f6stermektedir. King\u2019s College London\u2019dan Dr. Julian Mutz ve Prof Cathryn Lewis, Birle\u015fik Krall\u0131k Biobank\u2019taki 110.780 kat\u0131l\u0131mc\u0131dan al\u0131nan 168 farkl\u0131 kan metaboliti hakk\u0131ndaki verileri inceledi. Bu verileri, bireylerin ak\u0131l hastal\u0131\u011f\u0131 [&hellip;]<\/p>\n","protected":false},"author":2,"featured_media":4638,"comment_status":"closed","ping_status":"open","sticky":false,"template":"","format":"standard","meta":{"footnotes":""},"categories":[16],"tags":[],"class_list":["post-3236","post","type-post","status-publish","format-standard","has-post-thumbnail","hentry","category-psikoloji"],"aioseo_notices":[],"_links":{"self":[{"href":"https:\/\/necipyurddas.com\/tr\/wp-json\/wp\/v2\/posts\/3236","targetHints":{"allow":["GET"]}}],"collection":[{"href":"https:\/\/necipyurddas.com\/tr\/wp-json\/wp\/v2\/posts"}],"about":[{"href":"https:\/\/necipyurddas.com\/tr\/wp-json\/wp\/v2\/types\/post"}],"author":[{"embeddable":true,"href":"https:\/\/necipyurddas.com\/tr\/wp-json\/wp\/v2\/users\/2"}],"replies":[{"embeddable":true,"href":"https:\/\/necipyurddas.com\/tr\/wp-json\/wp\/v2\/comments?post=3236"}],"version-history":[{"count":3,"href":"https:\/\/necipyurddas.com\/tr\/wp-json\/wp\/v2\/posts\/3236\/revisions"}],"predecessor-version":[{"id":4623,"href":"https:\/\/necipyurddas.com\/tr\/wp-json\/wp\/v2\/posts\/3236\/revisions\/4623"}],"wp:featuredmedia":[{"embeddable":true,"href":"https:\/\/necipyurddas.com\/tr\/wp-json\/wp\/v2\/media\/4638"}],"wp:attachment":[{"href":"https:\/\/necipyurddas.com\/tr\/wp-json\/wp\/v2\/media?parent=3236"}],"wp:term":[{"taxonomy":"category","embeddable":true,"href":"https:\/\/necipyurddas.com\/tr\/wp-json\/wp\/v2\/categories?post=3236"},{"taxonomy":"post_tag","embeddable":true,"href":"https:\/\/necipyurddas.com\/tr\/wp-json\/wp\/v2\/tags?post=3236"}],"curies":[{"name":"wp","href":"https:\/\/api.w.org\/{rel}","templated":true}]}}